{"id":3876,"date":"2023-10-21T21:22:26","date_gmt":"2023-10-21T21:22:26","guid":{"rendered":"https:\/\/kolibri-grundschule.de\/home\/?p=3876"},"modified":"2023-10-21T21:22:26","modified_gmt":"2023-10-21T21:22:26","slug":"wilde-tiere-an-der-kolibri-grundschule","status":"publish","type":"post","link":"https:\/\/kolibri-grundschule.de\/home\/?p=3876","title":{"rendered":"Wilde Tiere an der Kolibri-Grundschule"},"content":{"rendered":"\n<p>170 wilde Tiere wurden am vergangenen Donnerstag in der Kolibri-Grundschule gesichtet.  Die wilden Tiere befanden sich nat\u00fcrlich nur auf dem Papier und wurden von Sch\u00fclerinnen und Sch\u00fclern der Kolibri-Grundschule f\u00fcr den diesj\u00e4hrigen Kunstwettbewerb mit dem Thema &#8222;Wilde Tiere&#8220; gestaltet. &#8222;Gestalte wilde Tiere in ihrer nat\u00fcrlichen Umgebung&#8220; so lautete der Auftrag auf dem Plakat zum Kunstwettbewerb und 170 Kinder der Jahrgangsstufen eins bis sechs folgten diesem Aufruf. Die Jury des Kunstwettbewerbs, die am Donnerstag vor den Ferien tagte, hatte die schwere Aufgabe aus den 170 Kunstwerken 12 Bilder f\u00fcr den Kunstkalender 2024 auszuw\u00e4hlen. &#8222;Es waren so viele wundervolle und kreative Kunstwerke dabei&#8220;, berichtet Schulleiterin Anke Peters aus der Sitzung der Jury, &#8222;die Entscheidung fiel uns wirklich \u00e4u\u00dferst schwer&#8220;. Letztlich musste sich die Jury aber f\u00fcr 12 Kunstwerke entscheiden. Welche Bilder gewonnen haben und im Kalender abgedruckt werden, wird aber erst nach den Ferien verraten. Der Kunstkalender kann ab Dezember k\u00e4uflich erworben werden. Die Einnahmen kommen dem F\u00f6rderverein der Kolibri-Grundschule-Grundschule zugute. <\/p>\n\n\n\n<figure class=\"wp-block-image size-large\"><a href=\"https:\/\/i0.wp.com\/kolibri-grundschule.de\/home\/wp-content\/uploads\/2023\/10\/IMG-20231020-WA0005-e1697904487955.jpg?ssl=1\"><img decoding=\"async\" loading=\"lazy\" width=\"584\" height=\"845\" src=\"https:\/\/i0.wp.com\/kolibri-grundschule.de\/home\/wp-content\/uploads\/2023\/10\/IMG-20231020-WA0005-e1697904487955-708x1024.jpg?resize=584%2C845&#038;ssl=1\" alt=\"\" class=\"wp-image-3877\" srcset=\"https:\/\/i0.wp.com\/kolibri-grundschule.de\/home\/wp-content\/uploads\/2023\/10\/IMG-20231020-WA0005-e1697904487955.jpg?resize=708%2C1024&amp;ssl=1 708w, https:\/\/i0.wp.com\/kolibri-grundschule.de\/home\/wp-content\/uploads\/2023\/10\/IMG-20231020-WA0005-e1697904487955.jpg?resize=207%2C300&amp;ssl=1 207w, https:\/\/i0.wp.com\/kolibri-grundschule.de\/home\/wp-content\/uploads\/2023\/10\/IMG-20231020-WA0005-e1697904487955.jpg?resize=768%2C1110&amp;ssl=1 768w, https:\/\/i0.wp.com\/kolibri-grundschule.de\/home\/wp-content\/uploads\/2023\/10\/IMG-20231020-WA0005-e1697904487955.jpg?w=969&amp;ssl=1 969w\" sizes=\"(max-width: 584px) 100vw, 584px\" data-recalc-dims=\"1\" \/><\/a><\/figure>\n","protected":false},"excerpt":{"rendered":"<p>170 wilde Tiere wurden am vergangenen Donnerstag in der Kolibri-Grundschule gesichtet. Die wilden Tiere befanden sich nat\u00fcrlich nur auf dem Papier und wurden von Sch\u00fclerinnen und Sch\u00fclern der Kolibri-Grundschule f\u00fcr den diesj\u00e4hrigen Kunstwettbewerb mit dem Thema &#8222;Wilde Tiere&#8220; gestaltet. &#8222;Gestalte &hellip; <a href=\"https:\/\/kolibri-grundschule.de\/home\/?p=3876\">Weiterlesen <span class=\"meta-nav\">&rarr;<\/span><\/a><\/p>\n","protected":false},"author":6,"featured_media":0,"comment_status":"closed","ping_status":"closed","sticky":false,"template":"","format":"standard","meta":{"footnotes":""},"categories":[1],"tags":[],"jetpack_sharing_enabled":true,"jetpack_featured_media_url":"","_links":{"self":[{"href":"https:\/\/kolibri-grundschule.de\/home\/index.php?rest_route=\/wp\/v2\/posts\/3876"}],"collection":[{"href":"https:\/\/kolibri-grundschule.de\/home\/index.php?rest_route=\/wp\/v2\/posts"}],"about":[{"href":"https:\/\/kolibri-grundschule.de\/home\/index.php?rest_route=\/wp\/v2\/types\/post"}],"author":[{"embeddable":true,"href":"https:\/\/kolibri-grundschule.de\/home\/index.php?rest_route=\/wp\/v2\/users\/6"}],"replies":[{"embeddable":true,"href":"https:\/\/kolibri-grundschule.de\/home\/index.php?rest_route=%2Fwp%2Fv2%2Fcomments&post=3876"}],"version-history":[{"count":9,"href":"https:\/\/kolibri-grundschule.de\/home\/index.php?rest_route=\/wp\/v2\/posts\/3876\/revisions"}],"predecessor-version":[{"id":3886,"href":"https:\/\/kolibri-grundschule.de\/home\/index.php?rest_route=\/wp\/v2\/posts\/3876\/revisions\/3886"}],"wp:attachment":[{"href":"https:\/\/kolibri-grundschule.de\/home\/index.php?rest_route=%2Fwp%2Fv2%2Fmedia&parent=3876"}],"wp:term":[{"taxonomy":"category","embeddable":true,"href":"https:\/\/kolibri-grundschule.de\/home\/index.php?rest_route=%2Fwp%2Fv2%2Fcategories&post=3876"},{"taxonomy":"post_tag","embeddable":true,"href":"https:\/\/kolibri-grundschule.de\/home\/index.php?rest_route=%2Fwp%2Fv2%2Ftags&post=3876"}],"curies":[{"name":"wp","href":"https:\/\/api.w.org\/{rel}","templated":true}]}}