{"id":1615,"date":"2018-09-13T08:18:56","date_gmt":"2018-09-13T08:18:56","guid":{"rendered":"http:\/\/kolibri-grundschule.de\/home\/?p=1615"},"modified":"2018-09-13T08:20:31","modified_gmt":"2018-09-13T08:20:31","slug":"anmeldung-der-schulanfaenger-innen-2019-20","status":"publish","type":"post","link":"https:\/\/kolibri-grundschule.de\/home\/?p=1615","title":{"rendered":"Anmeldung der Schulanf\u00e4nger\/innen 2019\/20"},"content":{"rendered":"<p>Alle zwischen 1. Oktober 2012 und\u00a030. September 2013 geborenen Kinder werden am <span style=\"font-size: medium;\">1. August 2019 schulpflichtig (\u00a7 42 Abs. 1 Schulgesetz). <\/span><span style=\"font-size: medium;\"><strong>Die Anmeldung <\/strong>erfolgt in der Zeit<strong> vom 04.10.2018 bis 17.10.2018 <\/strong>in\u00a0der f\u00fcr das <strong><a href=\"http:\/\/kolibri-grundschule.de\/home\/wp-content\/uploads\/2018\/09\/wohnumfeld_kolibri-grundschule.pdf\">Wohnumfeld<\/a><\/strong>\u00a0zust\u00e4ndigen<strong>\u00a0Kolibri-Grundschule, <\/strong>Sch\u00f6newalder Stra\u00dfe 9, 12627 Berlin.<\/span><\/p>\n<p align=\"LEFT\">Bitte nutzen Sie im angegebenen Zeitraum zur Anmeldung im Sekretariat folgende Zeiten:<\/p>\n<ul>\n<li>Montag 08.00 Uhr \u2013 11.00 Uhr<\/li>\n<li>Dienstag 08.00 Uhr \u2013 11.00 Uhr<\/li>\n<li>Mittwoch 08.00 Uhr \u2013 11.00 Uhr<\/li>\n<li>Donnerstag 14.00 Uhr \u2013 17.30 Uhr<\/li>\n<li>Freitag 08.00 Uhr \u2013 11.00 Uhr<\/li>\n<\/ul>\n<p align=\"LEFT\">Zur Anmeldung bringen Sie bitte Ihr Kind mit. Lehrerinnen der Schulanfangsphase werden sich\u00a0in einem kleinen Vorgespr\u00e4ch mit Ihrem Kind Kenntnisse zum gegenw\u00e4rtigen Entwicklungsstand der zuk\u00fcnftigen Schulanf\u00e4ngerin\/des Schulanf\u00e4ngers erarbeiten.Das ist f\u00fcr\u00a0eine erfolgreiche Lernorganisation f\u00fcr Ihr Kind von unsch\u00e4tzbarer Bedeutung.<\/p>\n<p align=\"LEFT\">Dar\u00fcber hinaus\u00a0ben\u00f6tigen Sie zur Anmeldung folgende Unterlagen:<\/p>\n<ul>\n<li>Ihre eigenen Personalpapiere (Ausweis)<\/li>\n<li>Geburtsurkunde des Kindes<\/li>\n<li>sonstige Personalpapiere des Kindes (Krankenkassenkarte)<\/li>\n<\/ul>\n<p align=\"LEFT\">Eine Anmeldung ist in jedem Fall zun\u00e4chst an unserer Grundschule notwendig, auch wenn Sie den Besuch einer genehmigten Ersatzschule oder anerkannten Privatschule planen.<b><\/b><\/p>\n<p><span style=\"font-size: medium;\"><img decoding=\"async\" loading=\"lazy\" class=\"alignright size-full wp-image-1503\" src=\"https:\/\/i0.wp.com\/kolibri-grundschule.de\/home\/wp-content\/uploads\/2018\/06\/kgs_la_1819.jpg?resize=567%2C647\" alt=\"\" width=\"567\" height=\"647\" data-recalc-dims=\"1\" \/> <\/span><\/p>\n","protected":false},"excerpt":{"rendered":"<p>Alle zwischen 1. Oktober 2012 und\u00a030. September 2013 geborenen Kinder werden am 1. August 2019 schulpflichtig (\u00a7 42 Abs. 1 Schulgesetz). Die Anmeldung erfolgt in der Zeit vom 04.10.2018 bis 17.10.2018 in\u00a0der f\u00fcr das Wohnumfeld\u00a0zust\u00e4ndigen\u00a0Kolibri-Grundschule, Sch\u00f6newalder Stra\u00dfe 9, 12627 Berlin. &hellip; <a href=\"https:\/\/kolibri-grundschule.de\/home\/?p=1615\">Weiterlesen <span class=\"meta-nav\">&rarr;<\/span><\/a><\/p>\n","protected":false},"author":4,"featured_media":0,"comment_status":"closed","ping_status":"closed","sticky":false,"template":"","format":"standard","meta":{"footnotes":""},"categories":[1],"tags":[],"jetpack_sharing_enabled":true,"jetpack_featured_media_url":"","_links":{"self":[{"href":"https:\/\/kolibri-grundschule.de\/home\/index.php?rest_route=\/wp\/v2\/posts\/1615"}],"collection":[{"href":"https:\/\/kolibri-grundschule.de\/home\/index.php?rest_route=\/wp\/v2\/posts"}],"about":[{"href":"https:\/\/kolibri-grundschule.de\/home\/index.php?rest_route=\/wp\/v2\/types\/post"}],"author":[{"embeddable":true,"href":"https:\/\/kolibri-grundschule.de\/home\/index.php?rest_route=\/wp\/v2\/users\/4"}],"replies":[{"embeddable":true,"href":"https:\/\/kolibri-grundschule.de\/home\/index.php?rest_route=%2Fwp%2Fv2%2Fcomments&post=1615"}],"version-history":[{"count":1,"href":"https:\/\/kolibri-grundschule.de\/home\/index.php?rest_route=\/wp\/v2\/posts\/1615\/revisions"}],"predecessor-version":[{"id":1617,"href":"https:\/\/kolibri-grundschule.de\/home\/index.php?rest_route=\/wp\/v2\/posts\/1615\/revisions\/1617"}],"wp:attachment":[{"href":"https:\/\/kolibri-grundschule.de\/home\/index.php?rest_route=%2Fwp%2Fv2%2Fmedia&parent=1615"}],"wp:term":[{"taxonomy":"category","embeddable":true,"href":"https:\/\/kolibri-grundschule.de\/home\/index.php?rest_route=%2Fwp%2Fv2%2Fcategories&post=1615"},{"taxonomy":"post_tag","embeddable":true,"href":"https:\/\/kolibri-grundschule.de\/home\/index.php?rest_route=%2Fwp%2Fv2%2Ftags&post=1615"}],"curies":[{"name":"wp","href":"https:\/\/api.w.org\/{rel}","templated":true}]}}